{"id":1156,"date":"2026-01-06T10:55:24","date_gmt":"2026-01-06T09:55:24","guid":{"rendered":"http:\/\/jidelnapopelka.cz\/wordpress\/?p=1156"},"modified":"2026-01-06T10:55:24","modified_gmt":"2026-01-06T09:55:24","slug":"nibe-drazice","status":"publish","type":"post","link":"http:\/\/jidelnapopelka.cz\/wordpress\/2026\/01\/06\/nibe-drazice\/","title":{"rendered":"NIBE DRA\u017dICE"},"content":{"rendered":"<p>N\u00e1\u0161 t\u00fdm: Pavla V\u00edtov\u00e1, Ludmila Proch\u00e1zkov\u00e1<\/p>\n<p>Vedouc\u00ed: <strong>Franti\u0161ek \u0160indel\u00e1\u0159<\/strong><\/p>\n<p>tel: 725 585 670<\/p>\n<p>email : sindelar@jidelnapopelka.cz<\/p>\n<p><strong>Dobrou chu\u0165 V\u00e1m p\u0159eje kolektiv <\/strong><strong>J\u00eddelna Popelka s.r.o.<\/strong><\/p>\n<p><strong>Bli\u017e\u0161\u00ed informace z\u00edsk\u00e1te u obsluhy nebo na tel.: 725 585 670<\/strong><\/p>\n","protected":false},"excerpt":{"rendered":"<p>N\u00e1\u0161 t\u00fdm: Pavla V\u00edtov\u00e1, Ludmila Proch\u00e1zkov\u00e1 Vedouc\u00ed: Franti\u0161ek \u0160indel\u00e1\u0159 tel: 725 585 670 email : sindelar@jidelnapopelka.cz Dobrou chu\u0165 V\u00e1m p\u0159eje<\/p>\n","protected":false},"author":1,"featured_media":0,"comment_status":"closed","ping_status":"closed","sticky":false,"template":"","format":"standard","meta":[],"categories":[4],"tags":[],"_links":{"self":[{"href":"http:\/\/jidelnapopelka.cz\/wordpress\/wp-json\/wp\/v2\/posts\/1156"}],"collection":[{"href":"http:\/\/jidelnapopelka.cz\/wordpress\/wp-json\/wp\/v2\/posts"}],"about":[{"href":"http:\/\/jidelnapopelka.cz\/wordpress\/wp-json\/wp\/v2\/types\/post"}],"author":[{"embeddable":true,"href":"http:\/\/jidelnapopelka.cz\/wordpress\/wp-json\/wp\/v2\/users\/1"}],"replies":[{"embeddable":true,"href":"http:\/\/jidelnapopelka.cz\/wordpress\/wp-json\/wp\/v2\/comments?post=1156"}],"version-history":[{"count":1,"href":"http:\/\/jidelnapopelka.cz\/wordpress\/wp-json\/wp\/v2\/posts\/1156\/revisions"}],"predecessor-version":[{"id":1157,"href":"http:\/\/jidelnapopelka.cz\/wordpress\/wp-json\/wp\/v2\/posts\/1156\/revisions\/1157"}],"wp:attachment":[{"href":"http:\/\/jidelnapopelka.cz\/wordpress\/wp-json\/wp\/v2\/media?parent=1156"}],"wp:term":[{"taxonomy":"category","embeddable":true,"href":"http:\/\/jidelnapopelka.cz\/wordpress\/wp-json\/wp\/v2\/categories?post=1156"},{"taxonomy":"post_tag","embeddable":true,"href":"http:\/\/jidelnapopelka.cz\/wordpress\/wp-json\/wp\/v2\/tags?post=1156"}],"curies":[{"name":"wp","href":"https:\/\/api.w.org\/{rel}","templated":true}]}}